{"id":3489,"date":"2022-07-06T09:23:30","date_gmt":"2022-07-06T14:23:30","guid":{"rendered":"http:\/\/casadeencuentrosantamaria.org\/?p=3489"},"modified":"2022-09-06T08:24:17","modified_gmt":"2022-09-06T13:24:17","slug":"ejercicios-de-san-ignacio","status":"publish","type":"post","link":"https:\/\/casadeencuentrosantamaria.org\/?p=3489","title":{"rendered":"Reuni\u00f3n Equipo General y provinciales"},"content":{"rendered":"\n<p>En el mes de agosto en la Casa Santa Mar\u00eda tuvimos el gusto de recibir al Equipo General y los Provinciales de Am\u00e9rica Latina de la Orden de las Escuelas P\u00edas o Escolapios. <\/p>\n\n\n\n<figure class=\"wp-block-image size-full is-resized\"><img fetchpriority=\"high\" decoding=\"async\" src=\"http:\/\/casadeencuentrosantamaria.org\/wp-content\/uploads\/2022\/09\/IMG_20220831_123013-1.jpg\" alt=\"\" class=\"wp-image-3510\" width=\"586\" height=\"440\" srcset=\"https:\/\/casadeencuentrosantamaria.org\/wp-content\/uploads\/2022\/09\/IMG_20220831_123013-1.jpg 1009w, https:\/\/casadeencuentrosantamaria.org\/wp-content\/uploads\/2022\/09\/IMG_20220831_123013-1-600x450.jpg 600w, https:\/\/casadeencuentrosantamaria.org\/wp-content\/uploads\/2022\/09\/IMG_20220831_123013-1-300x225.jpg 300w, https:\/\/casadeencuentrosantamaria.org\/wp-content\/uploads\/2022\/09\/IMG_20220831_123013-1-768x576.jpg 768w\" sizes=\"(max-width: 586px) 100vw, 586px\" \/><\/figure>\n","protected":false},"excerpt":{"rendered":"En el mes de agosto en la Casa Santa Mar\u00eda tuvimos el gusto de recibir al Equipo General y los Provinciales de Am\u00e9rica Latina de la Orden de las Escuelas &#8230;","protected":false},"author":1,"featured_media":3509,"comment_status":"open","ping_status":"open","sticky":false,"template":"","format":"standard","meta":{"_EventAllDay":false,"_EventTimezone":"","_EventStartDate":"","_EventEndDate":"","_EventStartDateUTC":"","_EventEndDateUTC":"","_EventShowMap":false,"_EventShowMapLink":false,"_EventURL":"","_EventCost":"","_EventCostDescription":"","_EventCurrencySymbol":"","_EventCurrencyCode":"","_EventCurrencyPosition":"","_EventDateTimeSeparator":"","_EventTimeRangeSeparator":"","_EventOrganizerID":[],"_EventVenueID":[],"_OrganizerEmail":"","_OrganizerPhone":"","_OrganizerWebsite":"","_VenueAddress":"","_VenueCity":"","_VenueCountry":"","_VenueProvince":"","_VenueState":"","_VenueZip":"","_VenuePhone":"","_VenueURL":"","_VenueStateProvince":"","_VenueLat":"","_VenueLng":"","_VenueShowMap":false,"_VenueShowMapLink":false,"footnotes":""},"categories":[56],"tags":[],"class_list":["post-3489","post","type-post","status-publish","format-standard","has-post-thumbnail","hentry","category-noticias"],"_links":{"self":[{"href":"https:\/\/casadeencuentrosantamaria.org\/index.php?rest_route=\/wp\/v2\/posts\/3489"}],"collection":[{"href":"https:\/\/casadeencuentrosantamaria.org\/index.php?rest_route=\/wp\/v2\/posts"}],"about":[{"href":"https:\/\/casadeencuentrosantamaria.org\/index.php?rest_route=\/wp\/v2\/types\/post"}],"author":[{"embeddable":true,"href":"https:\/\/casadeencuentrosantamaria.org\/index.php?rest_route=\/wp\/v2\/users\/1"}],"replies":[{"embeddable":true,"href":"https:\/\/casadeencuentrosantamaria.org\/index.php?rest_route=%2Fwp%2Fv2%2Fcomments&post=3489"}],"version-history":[{"count":3,"href":"https:\/\/casadeencuentrosantamaria.org\/index.php?rest_route=\/wp\/v2\/posts\/3489\/revisions"}],"predecessor-version":[{"id":3511,"href":"https:\/\/casadeencuentrosantamaria.org\/index.php?rest_route=\/wp\/v2\/posts\/3489\/revisions\/3511"}],"wp:featuredmedia":[{"embeddable":true,"href":"https:\/\/casadeencuentrosantamaria.org\/index.php?rest_route=\/wp\/v2\/media\/3509"}],"wp:attachment":[{"href":"https:\/\/casadeencuentrosantamaria.org\/index.php?rest_route=%2Fwp%2Fv2%2Fmedia&parent=3489"}],"wp:term":[{"taxonomy":"category","embeddable":true,"href":"https:\/\/casadeencuentrosantamaria.org\/index.php?rest_route=%2Fwp%2Fv2%2Fcategories&post=3489"},{"taxonomy":"post_tag","embeddable":true,"href":"https:\/\/casadeencuentrosantamaria.org\/index.php?rest_route=%2Fwp%2Fv2%2Ftags&post=3489"}],"curies":[{"name":"wp","href":"https:\/\/api.w.org\/{rel}","templated":true}]}}